{"id":5458,"date":"2025-10-21T11:15:47","date_gmt":"2025-10-21T09:15:47","guid":{"rendered":"https:\/\/etna-cinema.net\/?p=5458"},"modified":"2025-12-17T12:39:28","modified_gmt":"2025-12-17T11:39:28","slug":"fwd-letna-assemblee-visuelle-soiree-speciale","status":"publish","type":"post","link":"https:\/\/etna-cinema.net\/?p=5458","title":{"rendered":"Assembl\u00e9e visuelle + soir\u00e9e sp\u00e9ciale (automne 2025)"},"content":{"rendered":"<style>\n.postie-post p {<br \/>\n  margin: 1em 0 !important;<br \/>\n  line-height: 1.6 !important;<br \/>\n}<br \/>\n.postie-post h1, .postie-post h2, .postie-post h3 {<br \/>\n  margin-top: 2em !important;<br \/>\n  margin-bottom: 1em !important;<br \/>\n  line-height: 1.3 !important;<br \/>\n}<br \/>\n.postie-post img {<br \/>\n  display: block !important;<br \/>\n  margin: 2em auto !important;<br \/>\n  max-width: 100% !important;<br \/>\n  height: auto !important;<br \/>\n}<br \/>\n.postie-post hr {<br \/>\n  margin: 2em 0 !important;<br \/>\n}<br \/>\n.postie-post table:first-of-type {<br \/>\n  margin-top: 0 !important;<br \/>\n  padding-top: 0 !important;<br \/>\n}<br \/>\n.postie-post {<br \/>\n  margin-top: 0 !important;<br \/>\n  padding-top: 0 !important;<br \/>\n}<br \/>\n.postie-post img:first-of-type {<br \/>\n  margin-top: 1em !important;<br \/>\n}<br \/>\n<\/style>\n<div class=\"postie-post\">\n<div dir=\"ltr\">\n<div class=\"gmail_quote gmail_quote_container\">\n<div class=\"msg-1986394639955953823\"><u><\/u><\/p>\n<div style=\"margin: 0; padding: 0; background-color: #fafafa; width: 100%!important;\"><center><\/p>\n<table border=\"0\" width=\"100%\" cellspacing=\"0\" cellpadding=\"20\">\n<tbody>\n<tr>\n<td style=\"border-collapse: collapse;\" valign=\"top\">\n<div style=\"color: #505050; font-family: Arial; font-size: 14px; line-height: 150%; text-align: left;\">\n<h1 style=\"color: #202020; display: block; font-family: Arial; font-size: 34px; font-weight: bold; line-height: 100%; text-align: left; margin: 0 0 10px 0;\"><span style=\"font-family: open sans,helvetica neue,helvetica,arial,sans-serif;\">ASSEMBL\u00c9E VISUELLE + SOIR\u00c9E SP\u00c9CIALE<\/span><\/h1>\n<p><img loading=\"lazy\" decoding=\"async\" class=\"aligncenter\" style=\"border: 0px; width: 625px; height: 425px; margin: 0px; line-height: 100%; outline: none; text-decoration: none; display: inline;\" src=\"https:\/\/mcusercontent.com\/e4bb53c69b34716df6a4bf1a0\/images\/81247fa2-95c2-41f2-87b6-7e6753d8d1c1.jpg\" width=\"625\" height=\"425\" \/><\/p>\n<p style=\"text-align: center;\"><span style=\"font-size: 11px;\"><strong><span style=\"font-family: arial,helvetica neue,helvetica,sans-serif;\">(Benjamin R. Taylor &#8211; <em>A Film About A Man Of A Certain Age,<\/em> \u00a02023)<\/span><\/strong><\/span><\/p>\n<h1 style=\"color: #202020; display: block; font-family: Arial; font-size: 34px; font-weight: bold; line-height: 100%; text-align: left; margin: 0 0 10px 0;\">L&#8217;Assembl\u00e9e\u00a0Visuelle de l&#8217;Etna<\/h1>\n<hr \/>\n<hr \/>\n<p><strong><span style=\"font-size: 24px;\">Samedi 25 octobre \/ 20h<\/span><\/strong><\/p>\n<p style=\"text-align: justify;\"><span style=\"font-size: 16px;\">l&#8217;Etna, 71 rue Robespierre <\/span><br \/>\n(ouverture des portes : 20h\u00a0&#8211; d\u00e9but des projections : 21h)<\/p>\n<p><span style=\"font-size: 18px;\"><strong>Programme \/<\/strong><\/span><\/p>\n<p dir=\"ltr\">1-\u00a0\u00a0\u00a0\u00a0\u00a0 Joao Paulo MIRANDA<\/p>\n<p dir=\"ltr\"><strong>(NOTES SUR RAFAEL)<\/strong>\u00a0 &#8211; 2025 &#8211; 16 mm &#8211; NB &#8211; 5\u2019 &#8211; Muet<br \/>\nImages d&#8217;un documentaire \u00e0 venir sur mon fils autiste Rafael. Premi\u00e8re exp\u00e9rience avec une cam\u00e9ra \u00e0 r\u00e9parer, avec des d\u00e9fauts et l&#8217;agressivit\u00e9 des crises de mon fils.<\/p>\n<p><img decoding=\"async\" class=\"aligncenter\" style=\"border: 0px; width: 625px; margin: 0px; line-height: 100%; outline: none; text-decoration: none; display: inline;\" src=\"https:\/\/mcusercontent.com\/e4bb53c69b34716df6a4bf1a0\/_compresseds\/d30906dc-fd24-e3f7-ede6-a6d86226fae9.jpg\" width=\"625\" \/><\/p>\n<p>2-\u00a0\u00a0\u00a0\u00a0\u00a0Olivier FOUCHARD en sa pr\u00e9sence,\u00a0 2 films en cours de r\u00e9alisation, 10 minutes environ<\/p>\n<p>Dipl\u00f4m\u00e9 des Beaux-Arts de Grenoble, Olivier Fouchard, artiste depuis toujours et Trameur-Peintre (depuis 1986) a produit et produit depuis le milieu des ann\u00e9es 90 un nombre remarquable de films et de vid\u00e9os. Comme un alchimiste, il ma\u00eetrise, gr\u00e2ce aux techniques de laboratoire artisanales, la plupart des \u00e9tapes de fabrication des films argentiques. Sa sensibilit\u00e9 et son regard de peintre donnent \u00e0 ses films une mati\u00e8re et des couleurs une puissance visuelle rare.<\/p>\n<p>Olivier Fouchard co-r\u00e9alise \u00e9galement des films avec Mahine Rouhi depuis 1999 au sein des Ateliers Cin\u00e9matographiques D&#8217;Artistes ou &#8220;Laboratoires Ind\u00e9pendants&#8221; tels que: L&#8217;Abominable (Asni\u00e8res \/ Seine) et l&#8217;Atelier MTK (Grenoble) Mire (Nantes).<\/p>\n<p dir=\"ltr\"><strong>PETITES CERCLITUDES D\u2019AUTOMNE<\/strong>\u00a0&#8211; 2025 &#8211; 16 mm &#8211; couleur &#8211; silencieux<\/p>\n<p dir=\"ltr\"><strong>CERCLITUDES N\u00b0X : \u00c9PARGNER ET D\u00c9TRUIRE (titre provisoire)<\/strong> &#8211; 2025 &#8211; 16 mm &#8211; couleur &#8211; muet et silencieux<\/p>\n<p><img decoding=\"async\" style=\"border: 0px; width: 625px; margin: 0px; line-height: 100%; outline: none; text-decoration: none; display: inline;\" src=\"https:\/\/mcusercontent.com\/e4bb53c69b34716df6a4bf1a0\/images\/21d3ff30-001f-3bf8-642b-a4b6cc4cddc2.jpg\" width=\"625\" \/><\/p>\n<p>3-\u00a0<strong>LA P\u00c9PITE DU MOIS<\/strong> exceptionnellement propos\u00e9e par Olivier FOUCHARD<\/p>\n<p><img decoding=\"async\" style=\"border: 0px; width: 625px; margin: 0px; line-height: 100%; outline: none; text-decoration: none; display: inline;\" src=\"https:\/\/mcusercontent.com\/e4bb53c69b34716df6a4bf1a0\/images\/97f59a67-5e40-d7f9-b428-bc15b4513add.jpg\" width=\"625\" \/><\/p>\n<p>4- <strong>LA 2\u00e8me P\u00c9PITE DU MOIS<\/strong> exceptionnellement propos\u00e9e par Olivier FOUCHARD<\/p>\n<p><img decoding=\"async\" style=\"border: 0px; width: 625px; margin: 0px; line-height: 100%; outline: none; text-decoration: none; display: inline;\" src=\"https:\/\/mcusercontent.com\/e4bb53c69b34716df6a4bf1a0\/images\/c510240e-ffc3-f78e-1537-a3d2e6ce3a28.jpg\" width=\"625\" \/><\/p>\n<div style=\"color: #505050; font-family: Arial; font-size: 14px; line-height: 150%; text-align: left;\">\n<hr \/>\n<hr \/>\n<h1 style=\"color: #202020; display: block; font-family: Arial; font-size: 34px; font-weight: bold; line-height: 100%; text-align: left; margin: 0 0 10px 0;\">Soir\u00e9e avec La Lumi\u00e8re Collective<\/h1>\n<hr \/>\n<hr \/>\n<h1 dir=\"ltr\" style=\"color: #202020; display: block; font-family: Arial; font-size: 34px; font-weight: bold; line-height: 100%; text-align: left; margin: 0 0 10px 0;\"><strong><span style=\"font-size: 24px;\">Vendredi 7 novembre \/ 20h<\/span><\/strong><\/h1>\n<div dir=\"ltr\" style=\"color: #505050; font-family: Arial; font-size: 14px; line-height: 150%; text-align: left;\"><span style=\"font-size: 16px;\">l&#8217;Etna, 71 rue Robespierre <\/span><br \/>\n(ouverture des portes : 20h\u00a0&#8211; d\u00e9but des projections : 20h30)<\/div>\n<p dir=\"ltr\"><strong>Projection &amp; performance \/ DIFFRACTION<\/strong><\/p>\n<p dir=\"ltr\"><strong>par La Lumi\u00e8re Collective (Montr\u00e9al, Canada)<\/strong><\/p>\n<p dir=\"ltr\">L\u2019Etna accueille La Lumi\u00e8re Collective de Montr\u00e9al pour une projection de courts-m\u00e9trages suivie par Moraine, une performance en direct en 16mm par Erin Weisgerber.<\/p>\n<p dir=\"ltr\">Pr\u00e9sent\u00e9 par <a style=\"color: #336699; font-weight: normal; text-decoration: underline;\" href=\"https:\/\/etna-cinema.us3.list-manage.com\/track\/click?u=e4bb53c69b34716df6a4bf1a0&amp;id=65d6a849aa&amp;e=17e3a238bc\" target=\"_blank\" rel=\"noopener noreferrer nofollow\"><em>la lumi\u00e8re collective<\/em><\/a> et propos\u00e9 par sa co-directrice Emma Roufs, DIFFRACTION est un programme de cin\u00e9ma exp\u00e9rimental qui invite le spectateur \u00e0 d\u00e9couvrir le travail d\u2019artistes bas\u00e9s \u00e0 Montr\u00e9al qui questionnent sans cesse leur rapport \u00e0 l\u2019image en mouvement. En premi\u00e8re partie, les spectateurs sont invit\u00e9s \u00e0 d\u00e9couvrir six courts m\u00e9trages pr\u00e9sent\u00e9s en 16 mm r\u00e9alis\u00e9s par Samy Benammar, Charles-Andr\u00e9 Coderre, Emma Roufs, Malena Szlam, Benjamin R.Taylor et Erin Weisgerber. Les films proposent une exp\u00e9rience photochimique et analogique sensible et visc\u00e9rale, o\u00f9 l\u2019on retrouve la vie \u00e0 travers le film et le film comme partie int\u00e9grante de la vie. La nature et le corps en avant-plan mettent en emphase le geste de cr\u00e9ation sur pellicule. Ce programme de films de 30 minutes est suivi de MORAINE, une performance de cin\u00e9ma en direct de 30 minutes par Erin Weisgerber (du groupe <em>Jerusalem in My Heart<\/em>), accompagn\u00e9e d&#8217;une bande sonore \u00e9lectronique compos\u00e9e par Liam O&#8217;Neill, batteur de SUUNS.<\/p>\n<p dir=\"ltr\"><strong>PROGRAMME DE COURTS-M\u00c9TRAGES<\/strong><\/p>\n<p><strong>Erin Weisgerber &#8211; <em>Dans les cieux et sur la terre<\/em><\/strong><\/p>\n<p dir=\"ltr\">2022 | 16mm | couleur &#8211; n&amp;b | sonore | 12 mins<\/p>\n<p dir=\"ltr\"><strong>Samy Benammar &#8211; <em>kaua\u02bbi \u02bb\u014d\u02bb\u014d<\/em><\/strong><\/p>\n<p dir=\"ltr\">2023 | Super 8 \u00e0 16mm | couleur | sonore | 3 mins<br \/>\n<strong>Malena Szlam &#8211; Lunar Almanac<\/strong><\/p>\n<p dir=\"ltr\">2013 | 16mm | couleur | sans son | 4 mins<\/p>\n<p dir=\"ltr\"><strong>Emma Roufs &#8211; <em>renaissance printani\u00e8re \u00e0 la source du P\u00eacher<\/em><\/strong><\/p>\n<p dir=\"ltr\">2024 | Super 8 \u00e0 16mm | couleur | sonore\u00a0 | 2 mins<\/p>\n<p dir=\"ltr\"><strong>Benjamin R. Taylor &#8211; <em>A Film About A Man Of A Certain Age<\/em><\/strong><\/p>\n<p dir=\"ltr\">2023 | 16mm | n&amp;b | sonore\u00a0 | 5 mins 30<\/p>\n<p dir=\"ltr\"><strong>Charles-Andr\u00e9 Coderre &#8211; <em>Fractures chimiques ON\/OFF<\/em><\/strong><\/p>\n<p dir=\"ltr\">2024 | 16mm | couleur &#8211; n&amp;b | sonore | 6 mins<\/p>\n<p><img decoding=\"async\" style=\"border: 0px; width: 625px; margin: 0px; line-height: 100%; outline: none; text-decoration: none; display: inline;\" src=\"https:\/\/mcusercontent.com\/e4bb53c69b34716df6a4bf1a0\/images\/0568b76e-4ead-c65c-f27a-c4b90ca565d4.jpg\" width=\"625\" \/><\/p>\n<p><span style=\"font-size: 12px;\">(Erin Weisgerber &#8211; Dans les cieux et sur la terre, 2022)<\/span><\/p>\n<p><strong>PERFORMANCE MORAINE (30 minutes)<\/strong><\/p>\n<p>Depuis les gouffres bleu glac\u00e9, en passant par des panoramas montagneux escarp\u00e9s jusqu\u2019aux rugissantes chutes Athabasca, MORAINE est une performance de cin\u00e9ma en direct qui suit le parcours de la fonte des glaciers, depuis sa source jusqu\u2019aux syst\u00e8mes fluviaux qu\u2019elle alimente. Apr\u00e8s plusieurs ann\u00e9es d\u2019absence, Erin Weisgerber est retourn\u00e9e dans sa province natale de l\u2019Alberta, au Canada, pour filmer les raffineries de p\u00e9trole visibles depuis la maison de son enfance, les pompes de forage et les traces laiss\u00e9es par l\u2019industrie p\u00e9troli\u00e8re, inscrites dans sa m\u00e9moire et au sein du paysage de la province, ainsi que pour documenter les effets des changements climatiques sur le champ de glace Columbia et les terres nourries par ses eaux.<\/p>\n<p>Tourn\u00e9 \u00e0 l\u2019aide d\u2019une cam\u00e9ra 16 mm \u00e0 manivelle, d\u00e9velopp\u00e9 \u00e0 la main et r\u00e9imprim\u00e9 par l\u2019artiste elle-m\u00eame sur diff\u00e9rents types de pellicules dans un laboratoire collectif, ce mat\u00e9riau intime porte la marque du geste de la cin\u00e9aste.<\/p>\n<p>Accompagn\u00e9e d\u2019une bande sonore \u00e9lectronique aux motifs rythmiques subtilement \u00e9volutifs, compos\u00e9e par Liam O\u2019Neil, batteur de SUUNS, Weisgerber cr\u00e9e une exp\u00e9rience audiovisuelle immersive en manipulant en direct quatre projecteurs 16 mm et une s\u00e9rie en constante \u00e9volution de boucles de films fabriqu\u00e9es \u00e0 la main.<\/p>\n<p><img decoding=\"async\" style=\"border: 0px; width: 625px; margin: 0px; line-height: 100%; outline: none; text-decoration: none; display: inline;\" src=\"https:\/\/mcusercontent.com\/e4bb53c69b34716df6a4bf1a0\/images\/168cccf3-e50a-78fb-6f00-8d7a4db22efe.jpg\" width=\"625\" \/><\/p>\n<hr \/>\n<\/div>\n<\/div>\n<\/td>\n<\/tr>\n<\/tbody>\n<\/table>\n<table border=\"0\" width=\"100%\" cellspacing=\"0\" cellpadding=\"20\">\n<tbody>\n<tr>\n<td style=\"border-collapse: collapse;\" valign=\"top\">\n<div style=\"color: #505050; font-family: Arial; font-size: 14px; line-height: 150%; text-align: left;\">\n<div style=\"text-align: left; color: #505050; font-family: Arial; font-size: 14px; line-height: 150%;\"><\/div>\n<hr \/>\n<hr \/>\n<div style=\"text-align: center; color: #505050; font-family: Arial; font-size: 14px; line-height: 150%;\"><strong>l&#8217;Etna<\/strong><br \/>\n71, rue Robespierre<br \/>\n93100 Montreuil, France<br \/>\nM\u00b0Robespierre<br \/>\n<span style=\"font-size: 11px;\">[apr\u00e8s la grande porte, passer la cour, 1\u00e8re porte \u00e0 droite &#8220;C&#8221; sous le porche, puis \u00e0 l&#8217;\u00e9tage, \u00e0 gauche]<\/span><\/div>\n<div style=\"text-align: left; color: #505050; font-family: Arial; font-size: 14px; line-height: 150%;\">\n<hr \/>\n<\/div>\n<\/div>\n<\/td>\n<\/tr>\n<\/tbody>\n<\/table>\n<table id=\"m_-1986394639955953823templateFooter\" style=\"background-color: #ffffff; border-top: 0;\" border=\"0\" width=\"625\" cellspacing=\"0\" cellpadding=\"10\">\n<tbody>\n<tr>\n<td class=\"m_-1986394639955953823footerContent\" style=\"border-collapse: collapse;\" valign=\"top\">\n<table border=\"0\" width=\"100%\" cellspacing=\"0\" cellpadding=\"10\">\n<tbody>\n<tr>\n<td id=\"m_-1986394639955953823social\" style=\"border-collapse: collapse; background-color: #fafafa; border: 0;\" colspan=\"2\" valign=\"middle\">\n<div style=\"color: #707070; font-family: Arial; font-size: 12px; line-height: 125%; text-align: center;\"><a style=\"color: #336699; font-weight: normal; text-decoration: underline;\" href=\"https:\/\/us3.forward-to-friend.com\/forward?u=e4bb53c69b34716df6a4bf1a0&amp;id=df9bfbca57&amp;e=17e3a238bc\" target=\"_blank\" rel=\"noopener\"><span style=\"color: #800000;\">partager le message<\/span><\/a><span style=\"color: #800000;\"> | <\/span><a style=\"color: #336699; font-weight: normal; text-decoration: underline;\" href=\"https:\/\/etna-cinema.us3.list-manage.com\/track\/click?u=e4bb53c69b34716df6a4bf1a0&amp;id=94a0d81890&amp;e=17e3a238bc\" target=\"_blank\" rel=\"noopener\"><span style=\"color: #800000;\"><span style=\"font-size: 14px;\"><strong>www.etna-cinema.net<\/strong><\/span><\/span><\/a><span style=\"color: #800000;\"> | <\/span><a style=\"color: #336699; font-weight: normal; text-decoration: underline;\" href=\"https:\/\/etna-cinema.us3.list-manage.com\/track\/click?u=e4bb53c69b34716df6a4bf1a0&amp;id=ba5a726f39&amp;e=17e3a238bc\" target=\"_blank\" rel=\"noopener\"><span style=\"color: #800000;\">l&#8217;Etna sur facebook<\/span><\/a><\/div>\n<\/td>\n<\/tr>\n<tr>\n<td style=\"border-collapse: collapse;\" valign=\"top\" width=\"350\">\n<div style=\"color: #707070; font-family: Arial; font-size: 12px; line-height: 125%; text-align: left;\">Vous recevez ce message car vous \u00eates int\u00e9ress\u00e9s de pr\u00e8s ou de loin par l&#8217;association l&#8217;Etna. Si ce n&#8217;est pas le cas vous pouvez vous d\u00e9sinscrire ci-dessous.\u00a0<a style=\"color: #336699; font-weight: normal; text-decoration: underline;\" href=\"https:\/\/etna-cinema.us3.list-manage.com\/unsubscribe?u=e4bb53c69b34716df6a4bf1a0&amp;id=5ae7ce693f&amp;t=b&amp;e=17e3a238bc&amp;c=df9bfbca57\" target=\"_blank\" rel=\"noopener\">se d\u00e9sinscrire<\/a><\/div>\n<\/td>\n<td id=\"m_-1986394639955953823monkeyRewards\" style=\"border-collapse: collapse;\" valign=\"top\" width=\"190\">\n<div style=\"color: #707070; font-family: Arial; font-size: 12px; line-height: 125%; text-align: left;\"><a href=\"https:\/\/login.mailchimp.com\/signup\/email-referral\/?aid=e4bb53c69b34716df6a4bf1a0\" target=\"_blank\" rel=\"noopener\"><img loading=\"lazy\" decoding=\"async\" style=\"max-width: 100%; height: auto;\" title=\"Mailchimp Email Marketing\" src=\"https:\/\/cdn-images.mailchimp.com\/monkey_rewards\/intuit-mc-rewards-1.png\" alt=\"Email Marketing Powered by Mailchimp\" width=\"137\" height=\"53\" border=\"0\" \/><\/a><\/div>\n<\/td>\n<\/tr>\n<tr>\n<td id=\"m_-1986394639955953823utility\" style=\"border-collapse: collapse; background-color: #ffffff; border: 0;\" colspan=\"2\" valign=\"middle\">\n<div style=\"color: #707070; font-family: Arial; font-size: 12px; line-height: 125%; text-align: center;\"><\/div>\n<\/td>\n<\/tr>\n<\/tbody>\n<\/table>\n<\/td>\n<\/tr>\n<\/tbody>\n<\/table>\n<p><\/center><\/p>\n<div style=\"display: none;\"><img loading=\"lazy\" decoding=\"async\" style=\"display: none;\" src=\"https:\/\/etna-cinema.us3.list-manage.com\/track\/open.php?u=e4bb53c69b34716df6a4bf1a0&amp;id=df9bfbca57&amp;e=17e3a238bc\" alt=\"\" width=\"1\" height=\"1\" \/><\/div>\n<\/div>\n<\/div>\n<\/div>\n<\/div>\n<\/div>\n","protected":false},"excerpt":{"rendered":"<p>ASSEMBL\u00c9E VISUELLE + SOIR\u00c9E SP\u00c9CIALE (Benjamin R. Taylor &#8211; A Film About A Man Of A Certain Age, \u00a02023) L&#8217;Assembl\u00e9e\u00a0Visuelle de l&#8217;Etna Samedi 25 octobre \/ 20h l&#8217;Etna, 71 rue Robespierre (ouverture des portes : 20h\u00a0&#8211; d\u00e9but des projections : 21h) Programme \/ 1-\u00a0\u00a0\u00a0\u00a0\u00a0 Joao Paulo MIRANDA (NOTES SUR RAFAEL)\u00a0 &#8211; 2025 &#8211; 16 mm [&hellip;]<\/p>\n","protected":false},"author":10,"featured_media":5459,"comment_status":"closed","ping_status":"closed","sticky":false,"template":"","format":"standard","meta":{"footnotes":""},"categories":[9,10],"tags":[],"class_list":["post-5458","post","type-post","status-publish","format-standard","has-post-thumbnail","hentry","category-actualites","category-etna"],"yoast_head":"<!-- This site is optimized with the Yoast SEO plugin v17.2 - https:\/\/yoast.com\/wordpress\/plugins\/seo\/ -->\n<meta name=\"robots\" content=\"index, follow, max-snippet:-1, max-image-preview:large, max-video-preview:-1\" \/>\n<link rel=\"canonical\" href=\"https:\/\/etna-cinema.net\/?p=5458\" \/>\n<meta property=\"og:locale\" content=\"fr_FR\" \/>\n<meta property=\"og:type\" content=\"article\" \/>\n<meta property=\"og:title\" content=\"Assembl\u00e9e visuelle + soir\u00e9e sp\u00e9ciale (automne 2025) - l&#039;Etna - cin\u00e9ma exp\u00e9rimental\" \/>\n<meta property=\"og:description\" content=\"ASSEMBL\u00c9E VISUELLE + SOIR\u00c9E SP\u00c9CIALE (Benjamin R. Taylor &#8211; A Film About A Man Of A Certain Age, \u00a02023) L&#8217;Assembl\u00e9e\u00a0Visuelle de l&#8217;Etna Samedi 25 octobre \/ 20h l&#8217;Etna, 71 rue Robespierre (ouverture des portes : 20h\u00a0&#8211; d\u00e9but des projections : 21h) Programme \/ 1-\u00a0\u00a0\u00a0\u00a0\u00a0 Joao Paulo MIRANDA (NOTES SUR RAFAEL)\u00a0 &#8211; 2025 &#8211; 16 mm [&hellip;]\" \/>\n<meta property=\"og:url\" content=\"https:\/\/etna-cinema.net\/?p=5458\" \/>\n<meta property=\"og:site_name\" content=\"l&#039;Etna - cin\u00e9ma exp\u00e9rimental\" \/>\n<meta property=\"article:published_time\" content=\"2025-10-21T09:15:47+00:00\" \/>\n<meta property=\"article:modified_time\" content=\"2025-12-17T11:39:28+00:00\" \/>\n<meta property=\"og:image\" content=\"https:\/\/etna-cinema.net\/wp-content\/uploads\/2025\/10\/81247fa2-95c2-41f2-87b6-7e6753d8d1c1.jpg\" \/>\n\t<meta property=\"og:image:width\" content=\"1920\" \/>\n\t<meta property=\"og:image:height\" content=\"1440\" \/>\n<meta name=\"twitter:card\" content=\"summary_large_image\" \/>\n<meta name=\"twitter:label1\" content=\"\u00c9crit par\" \/>\n\t<meta name=\"twitter:data1\" content=\"newsletterbot\" \/>\n\t<meta name=\"twitter:label2\" content=\"Dur\u00e9e de lecture est.\" \/>\n\t<meta name=\"twitter:data2\" content=\"5 minutes\" \/>\n<script type=\"application\/ld+json\" class=\"yoast-schema-graph\">{\"@context\":\"https:\/\/schema.org\",\"@graph\":[{\"@type\":\"WebSite\",\"@id\":\"https:\/\/etna-cinema.net\/#website\",\"url\":\"https:\/\/etna-cinema.net\/\",\"name\":\"l&#039;Etna - cin\\u00e9ma exp\\u00e9rimental\",\"description\":\"Atelier de cin\\u00e9ma exp\\u00e9rimental | Experimental cinema workshop\",\"potentialAction\":[{\"@type\":\"SearchAction\",\"target\":{\"@type\":\"EntryPoint\",\"urlTemplate\":\"https:\/\/etna-cinema.net\/?s={search_term_string}\"},\"query-input\":\"required name=search_term_string\"}],\"inLanguage\":\"fr-FR\"},{\"@type\":\"ImageObject\",\"@id\":\"https:\/\/etna-cinema.net\/?p=5458#primaryimage\",\"inLanguage\":\"fr-FR\",\"url\":\"https:\/\/etna-cinema.net\/wp-content\/uploads\/2025\/10\/81247fa2-95c2-41f2-87b6-7e6753d8d1c1.jpg\",\"contentUrl\":\"https:\/\/etna-cinema.net\/wp-content\/uploads\/2025\/10\/81247fa2-95c2-41f2-87b6-7e6753d8d1c1.jpg\",\"width\":1920,\"height\":1440},{\"@type\":\"WebPage\",\"@id\":\"https:\/\/etna-cinema.net\/?p=5458#webpage\",\"url\":\"https:\/\/etna-cinema.net\/?p=5458\",\"name\":\"Assembl\\u00e9e visuelle + soir\\u00e9e sp\\u00e9ciale (automne 2025) - l&#039;Etna - cin\\u00e9ma exp\\u00e9rimental\",\"isPartOf\":{\"@id\":\"https:\/\/etna-cinema.net\/#website\"},\"primaryImageOfPage\":{\"@id\":\"https:\/\/etna-cinema.net\/?p=5458#primaryimage\"},\"datePublished\":\"2025-10-21T09:15:47+00:00\",\"dateModified\":\"2025-12-17T11:39:28+00:00\",\"author\":{\"@id\":\"https:\/\/etna-cinema.net\/#\/schema\/person\/ecef93be9fb090288429d4c7f7685343\"},\"breadcrumb\":{\"@id\":\"https:\/\/etna-cinema.net\/?p=5458#breadcrumb\"},\"inLanguage\":\"fr-FR\",\"potentialAction\":[{\"@type\":\"ReadAction\",\"target\":[\"https:\/\/etna-cinema.net\/?p=5458\"]}]},{\"@type\":\"BreadcrumbList\",\"@id\":\"https:\/\/etna-cinema.net\/?p=5458#breadcrumb\",\"itemListElement\":[{\"@type\":\"ListItem\",\"position\":1,\"name\":\"Accueil\",\"item\":\"https:\/\/etna-cinema.net\/\"},{\"@type\":\"ListItem\",\"position\":2,\"name\":\"Assembl\\u00e9e visuelle + soir\\u00e9e sp\\u00e9ciale (automne 2025)\"}]},{\"@type\":\"Person\",\"@id\":\"https:\/\/etna-cinema.net\/#\/schema\/person\/ecef93be9fb090288429d4c7f7685343\",\"name\":\"newsletterbot\",\"image\":{\"@type\":\"ImageObject\",\"@id\":\"https:\/\/etna-cinema.net\/#personlogo\",\"inLanguage\":\"fr-FR\",\"url\":\"https:\/\/secure.gravatar.com\/avatar\/00328c1450718fb0075cd1806bbefd4ada61452b5fe503fdadcc694284ee4131?s=96&d=mm&r=g\",\"contentUrl\":\"https:\/\/secure.gravatar.com\/avatar\/00328c1450718fb0075cd1806bbefd4ada61452b5fe503fdadcc694284ee4131?s=96&d=mm&r=g\",\"caption\":\"newsletterbot\"},\"url\":\"https:\/\/etna-cinema.net\/?author=10\"}]}<\/script>\n<!-- \/ Yoast SEO plugin. -->","yoast_head_json":{"robots":{"index":"index","follow":"follow","max-snippet":"max-snippet:-1","max-image-preview":"max-image-preview:large","max-video-preview":"max-video-preview:-1"},"canonical":"https:\/\/etna-cinema.net\/?p=5458","og_locale":"fr_FR","og_type":"article","og_title":"Assembl\u00e9e visuelle + soir\u00e9e sp\u00e9ciale (automne 2025) - l&#039;Etna - cin\u00e9ma exp\u00e9rimental","og_description":"ASSEMBL\u00c9E VISUELLE + SOIR\u00c9E SP\u00c9CIALE (Benjamin R. Taylor &#8211; A Film About A Man Of A Certain Age, \u00a02023) L&#8217;Assembl\u00e9e\u00a0Visuelle de l&#8217;Etna Samedi 25 octobre \/ 20h l&#8217;Etna, 71 rue Robespierre (ouverture des portes : 20h\u00a0&#8211; d\u00e9but des projections : 21h) Programme \/ 1-\u00a0\u00a0\u00a0\u00a0\u00a0 Joao Paulo MIRANDA (NOTES SUR RAFAEL)\u00a0 &#8211; 2025 &#8211; 16 mm [&hellip;]","og_url":"https:\/\/etna-cinema.net\/?p=5458","og_site_name":"l&#039;Etna - cin\u00e9ma exp\u00e9rimental","article_published_time":"2025-10-21T09:15:47+00:00","article_modified_time":"2025-12-17T11:39:28+00:00","og_image":[{"width":1920,"height":1440,"filesize":574149,"url":"https:\/\/etna-cinema.net\/wp-content\/uploads\/2025\/10\/81247fa2-95c2-41f2-87b6-7e6753d8d1c1.jpg","path":"\/home\/cp81272\/public_html\/wp-content\/uploads\/2025\/10\/81247fa2-95c2-41f2-87b6-7e6753d8d1c1.jpg","size":"full","id":5459,"alt":"","pixels":2764800,"type":"image\/jpeg"}],"twitter_card":"summary_large_image","twitter_misc":{"\u00c9crit par":"newsletterbot","Dur\u00e9e de lecture est.":"5 minutes"},"schema":{"@context":"https:\/\/schema.org","@graph":[{"@type":"WebSite","@id":"https:\/\/etna-cinema.net\/#website","url":"https:\/\/etna-cinema.net\/","name":"l&#039;Etna - cin\u00e9ma exp\u00e9rimental","description":"Atelier de cin\u00e9ma exp\u00e9rimental | Experimental cinema workshop","potentialAction":[{"@type":"SearchAction","target":{"@type":"EntryPoint","urlTemplate":"https:\/\/etna-cinema.net\/?s={search_term_string}"},"query-input":"required name=search_term_string"}],"inLanguage":"fr-FR"},{"@type":"ImageObject","@id":"https:\/\/etna-cinema.net\/?p=5458#primaryimage","inLanguage":"fr-FR","url":"https:\/\/etna-cinema.net\/wp-content\/uploads\/2025\/10\/81247fa2-95c2-41f2-87b6-7e6753d8d1c1.jpg","contentUrl":"https:\/\/etna-cinema.net\/wp-content\/uploads\/2025\/10\/81247fa2-95c2-41f2-87b6-7e6753d8d1c1.jpg","width":1920,"height":1440},{"@type":"WebPage","@id":"https:\/\/etna-cinema.net\/?p=5458#webpage","url":"https:\/\/etna-cinema.net\/?p=5458","name":"Assembl\u00e9e visuelle + soir\u00e9e sp\u00e9ciale (automne 2025) - l&#039;Etna - cin\u00e9ma exp\u00e9rimental","isPartOf":{"@id":"https:\/\/etna-cinema.net\/#website"},"primaryImageOfPage":{"@id":"https:\/\/etna-cinema.net\/?p=5458#primaryimage"},"datePublished":"2025-10-21T09:15:47+00:00","dateModified":"2025-12-17T11:39:28+00:00","author":{"@id":"https:\/\/etna-cinema.net\/#\/schema\/person\/ecef93be9fb090288429d4c7f7685343"},"breadcrumb":{"@id":"https:\/\/etna-cinema.net\/?p=5458#breadcrumb"},"inLanguage":"fr-FR","potentialAction":[{"@type":"ReadAction","target":["https:\/\/etna-cinema.net\/?p=5458"]}]},{"@type":"BreadcrumbList","@id":"https:\/\/etna-cinema.net\/?p=5458#breadcrumb","itemListElement":[{"@type":"ListItem","position":1,"name":"Accueil","item":"https:\/\/etna-cinema.net\/"},{"@type":"ListItem","position":2,"name":"Assembl\u00e9e visuelle + soir\u00e9e sp\u00e9ciale (automne 2025)"}]},{"@type":"Person","@id":"https:\/\/etna-cinema.net\/#\/schema\/person\/ecef93be9fb090288429d4c7f7685343","name":"newsletterbot","image":{"@type":"ImageObject","@id":"https:\/\/etna-cinema.net\/#personlogo","inLanguage":"fr-FR","url":"https:\/\/secure.gravatar.com\/avatar\/00328c1450718fb0075cd1806bbefd4ada61452b5fe503fdadcc694284ee4131?s=96&d=mm&r=g","contentUrl":"https:\/\/secure.gravatar.com\/avatar\/00328c1450718fb0075cd1806bbefd4ada61452b5fe503fdadcc694284ee4131?s=96&d=mm&r=g","caption":"newsletterbot"},"url":"https:\/\/etna-cinema.net\/?author=10"}]}},"_links":{"self":[{"href":"https:\/\/etna-cinema.net\/index.php?rest_route=\/wp\/v2\/posts\/5458","targetHints":{"allow":["GET"]}}],"collection":[{"href":"https:\/\/etna-cinema.net\/index.php?rest_route=\/wp\/v2\/posts"}],"about":[{"href":"https:\/\/etna-cinema.net\/index.php?rest_route=\/wp\/v2\/types\/post"}],"author":[{"embeddable":true,"href":"https:\/\/etna-cinema.net\/index.php?rest_route=\/wp\/v2\/users\/10"}],"replies":[{"embeddable":true,"href":"https:\/\/etna-cinema.net\/index.php?rest_route=%2Fwp%2Fv2%2Fcomments&post=5458"}],"version-history":[{"count":34,"href":"https:\/\/etna-cinema.net\/index.php?rest_route=\/wp\/v2\/posts\/5458\/revisions"}],"predecessor-version":[{"id":5552,"href":"https:\/\/etna-cinema.net\/index.php?rest_route=\/wp\/v2\/posts\/5458\/revisions\/5552"}],"wp:featuredmedia":[{"embeddable":true,"href":"https:\/\/etna-cinema.net\/index.php?rest_route=\/wp\/v2\/media\/5459"}],"wp:attachment":[{"href":"https:\/\/etna-cinema.net\/index.php?rest_route=%2Fwp%2Fv2%2Fmedia&parent=5458"}],"wp:term":[{"taxonomy":"category","embeddable":true,"href":"https:\/\/etna-cinema.net\/index.php?rest_route=%2Fwp%2Fv2%2Fcategories&post=5458"},{"taxonomy":"post_tag","embeddable":true,"href":"https:\/\/etna-cinema.net\/index.php?rest_route=%2Fwp%2Fv2%2Ftags&post=5458"}],"curies":[{"name":"wp","href":"https:\/\/api.w.org\/{rel}","templated":true}]}}