{"id":1522,"date":"2017-05-06T11:00:21","date_gmt":"2017-05-06T10:00:21","guid":{"rendered":"http:\/\/etna-cinema.net\/?p=1522"},"modified":"2017-05-06T11:11:12","modified_gmt":"2017-05-06T10:11:12","slug":"rencontre-avec-clio-simon-samedi-13-mai-a-20h30","status":"publish","type":"post","link":"https:\/\/etna-cinema.net\/?p=1522","title":{"rendered":"RENCONTRE AVEC CLIO SIMON &#8211; SAMEDI 13 MAI \u00c0 20H30"},"content":{"rendered":"<p><!-- haut de page AV --><\/p>\n<table id=\"templateContainer\" style=\"border: 0px solid #dddddd; background-color: #ffffff;\" width=\"605\" cellspacing=\"0\" cellpadding=\"0\"><\/table>\n<table id=\"templateBody\" border=\"0\" width=\"600\" cellspacing=\"0\" cellpadding=\"0\"><\/table>\n<div style=\"color: #505050; font-family: Arial; font-size: 14px; line-height: 150%; text-align: left;\">\n<p><!-- fin haut de page AV --><\/p>\n<p><img loading=\"lazy\" decoding=\"async\" style=\"-moz-border-top-colors: none; -moz-border-right-colors: none; -moz-border-bottom-colors: none; -moz-border-left-colors: none; width: 100%; border: 0; line-height: 100%; outline: none; text-decoration: none; display: inline; border-width: 0px; margin: 0px;\" src=\"http:\/\/etna-cinema.net\/wp-content\/uploads\/2017\/05\/4ad0133d-48cd-4519-a6fd-da7b7b82025c.jpg\" alt=\"\" width=\"909\" height=\"491\" \/><\/p>\n<h1 class=\"mc-toc-title\" style=\"text-align: left; color: #202020; display: block; font-family: Arial; font-size: 34px; font-weight: bold; line-height: 100%; margin: 0 0 10px 0;\">Rencontre avec Clio Simon<\/h1>\n<h2 class=\"h2\" style=\"text-align: left; color: #202020; display: block; font-family: Arial; font-size: 30px; font-weight: bold; line-height: 100%; margin: 0 0 10px 0;\">samedi 13 mai \u00e0 20H30<\/h2>\n<p><strong><span style=\"color: #800000;\"><br \/>\nDIABLE \u00c9COUTE <\/span><\/strong>(FR, 2015, 00:10:00)<br \/>\n16\/9\u00e8me \u2013 Couleur \u2013 Version originale fran\u00e7aise<br \/>\nProduction : Le Fresnoy-Studio national des arts contemporains, en collaboration avec l&#8217;Ircam, en collaboration avec le Centre Pompidou, avec le soutien du Th\u00e9\u00e2tre du Nord<\/p>\n<p><em>Dans l\u2019immensit\u00e9 des choses, un orchestre monstrueux, une voix qui crie, et la terre qui se dresse encore, dans une vague immense. Voici ce qui nous reste du langage. Le cri dans ses \u00e9carts, ses bruissements et ses silences. Ce n\u2019est plus \u00e0 ce diable p\u00e9tri d\u2019argile que les trois hommes adressent leurs cris, mais \u00e0 un diable blanc. Chacun de leurs gestes font retour dans l\u2019Histoire.<\/em><\/p>\n<p><strong><span style=\"color: #800000;\"><br \/>\nCAMANCHACA, L\u00c0 O\u00d9 LES CORPS CRIENT<\/span><\/strong> (FR, 2014, 00:14:00)<br \/>\n16\/9\u00e8me \u2013 Couleur \u2013 Version originale fran\u00e7aise<br \/>\nProduction : Le Fresnoy-Studio national des arts contemporains, Don Quijote films<\/p>\n<p><em>Au nord du Chili, on appelle Camanchaca la brume qui s&#8217;\u00e9l\u00e8ve du Pacifique et vient buter sur les collines qui lui font face. Ce n\u2019est pas seulement quelque chose que l\u2019on regarde, c\u2019est quelque chose qui vous p\u00e9n\u00e8tre, qui vient, v\u00e9ritablement, vous envahir. C\u2019est la Loi du dehors. D\u2019un dehors o\u00f9 il n\u2019y a plus de recours. Autrement dit, l\u2019Histoire<\/em><\/p>\n<p><strong><span style=\"color: #800000;\"><br \/>\nNOTES SONORES POUR UN FILM \u00c0 VENIR<\/span><\/strong><br \/>\nCoproduction: Le Fresnoy &#8211; Studio national et l\u2019Ircam &#8211; Centre Pompidou.<\/p>\n<p><em><br \/>\nComment mettre en sc\u00e8ne cin\u00e9matographiquement un pouvoir invisible ? Comment mettre en image et en son l\u2019espace anonyme, interchangeable, hi\u00e9rarchique des services de l\u2019immigration ? La justice peut elle se passer de burlesque ?<\/em><\/p>\n<p><strong><br \/>\nClio Simon<\/strong><br \/>\n<a href=\"http:\/\/www.cliosimon.com\">www.cliosimon.com<\/a><br \/>\nArtiste, dipl\u00f4m\u00e9e du Fresnoy &#8211; Studio national des arts contemporains en 2015, Clio Simon poursuit<br \/>\nactuellement des collaborations avec le Fresnoy, l\u2019Ircam Centre Pompidou, l&#8217;EHESS et Heure Exquise !.<\/p>\n<p>Sa d\u00e9marche est r\u00e9solument ancr\u00e9e dans le champ de la cr\u00e9ation contemporaine avec un int\u00e9r\u00eat<br \/>\nparticulier pour l\u2019Image (comme trace po\u00e9tique, document qui oscille entre r\u00e9el et imaginaire), le<br \/>\nR\u00e9cit (\u00e9crit, parl\u00e9, chant\u00e9, all\u00e9gorique, celui d\u2019un Dehors qui bruisse, qui nous raconte, fable topique),<br \/>\net la Musique (non pas illustrative mais comme quatri\u00e8me personnage agent r\u00e9v\u00e9lateur de l\u2019image).<\/p>\n<p>Clio Simon est auteure, entre autres, d&#8217;installations vid\u00e9o Diable \u00e9coute (2015), Le bruissement de la<br \/>\nparole (2013), de films Camanchaca (2014), de performances A l\u2019origine de la parole, Le Cri (2015), Valores<br \/>\n(2011).<\/p>\n<\/div>\n<p>&nbsp;<\/p>\n<p><!-- bas de page AV --><\/p>\n<hr \/>\n<p>[participation libre et\/ou apportez de quoi partager \u00e0 boire et \u00e0 manger !]<\/p>\n<p><strong>l&#8217;Etna<\/strong><br \/>\n71, rue Robespierre<br \/>\n93100 Montreuil, France<br \/>\nM\u00b0Robespierre<br \/>\n<span style=\"font-size: 11px;\">[apr\u00e8s la grande porte, passer la cour, 1\u00e8re porte \u00e0 droite sous le porche, puis \u00e0 l&#8217;\u00e9tage, \u00e0 gauche]<\/span><\/p>\n<p><!-- fin bas de page AV --><\/p>\n","protected":false},"excerpt":{"rendered":"<p>Rencontre avec Clio Simon samedi 13 mai \u00e0 20H30 DIABLE \u00c9COUTE (FR, 2015, 00:10:00) 16\/9\u00e8me \u2013 Couleur \u2013 Version originale fran\u00e7aise Production : Le Fresnoy-Studio national des arts contemporains, en collaboration avec l&#8217;Ircam, en collaboration avec le Centre Pompidou, avec le soutien du Th\u00e9\u00e2tre du Nord Dans l\u2019immensit\u00e9 des choses, un orchestre monstrueux, une voix [&hellip;]<\/p>\n","protected":false},"author":3,"featured_media":1523,"comment_status":"closed","ping_status":"closed","sticky":false,"template":"","format":"standard","meta":{"footnotes":""},"categories":[9,7,10,6],"tags":[],"class_list":["post-1522","post","type-post","status-publish","format-standard","has-post-thumbnail","hentry","category-actualites","category-en-les-murs","category-etna","category-projections"],"yoast_head":"<!-- This site is optimized with the Yoast SEO plugin v17.2 - https:\/\/yoast.com\/wordpress\/plugins\/seo\/ -->\n<meta name=\"robots\" content=\"index, follow, max-snippet:-1, max-image-preview:large, max-video-preview:-1\" \/>\n<link rel=\"canonical\" href=\"https:\/\/etna-cinema.net\/?p=1522\" \/>\n<meta property=\"og:locale\" content=\"fr_FR\" \/>\n<meta property=\"og:type\" content=\"article\" \/>\n<meta property=\"og:title\" content=\"RENCONTRE AVEC CLIO SIMON - SAMEDI 13 MAI \u00c0 20H30 - l&#039;Etna - cin\u00e9ma exp\u00e9rimental\" \/>\n<meta property=\"og:description\" content=\"Rencontre avec Clio Simon samedi 13 mai \u00e0 20H30 DIABLE \u00c9COUTE (FR, 2015, 00:10:00) 16\/9\u00e8me \u2013 Couleur \u2013 Version originale fran\u00e7aise Production : Le Fresnoy-Studio national des arts contemporains, en collaboration avec l&#8217;Ircam, en collaboration avec le Centre Pompidou, avec le soutien du Th\u00e9\u00e2tre du Nord Dans l\u2019immensit\u00e9 des choses, un orchestre monstrueux, une voix [&hellip;]\" \/>\n<meta property=\"og:url\" content=\"https:\/\/etna-cinema.net\/?p=1522\" \/>\n<meta property=\"og:site_name\" content=\"l&#039;Etna - cin\u00e9ma exp\u00e9rimental\" \/>\n<meta property=\"article:published_time\" content=\"2017-05-06T10:00:21+00:00\" \/>\n<meta property=\"article:modified_time\" content=\"2017-05-06T10:11:12+00:00\" \/>\n<meta property=\"og:image\" content=\"https:\/\/etna-cinema.net\/wp-content\/uploads\/2017\/05\/4ad0133d-48cd-4519-a6fd-da7b7b82025c.jpg\" \/>\n\t<meta property=\"og:image:width\" content=\"909\" \/>\n\t<meta property=\"og:image:height\" content=\"491\" \/>\n<meta name=\"twitter:card\" content=\"summary_large_image\" \/>\n<meta name=\"twitter:label1\" content=\"\u00c9crit par\" \/>\n\t<meta name=\"twitter:data1\" content=\"etna etna\" \/>\n\t<meta name=\"twitter:label2\" content=\"Dur\u00e9e de lecture est.\" \/>\n\t<meta name=\"twitter:data2\" content=\"2 minutes\" \/>\n<script type=\"application\/ld+json\" class=\"yoast-schema-graph\">{\"@context\":\"https:\/\/schema.org\",\"@graph\":[{\"@type\":\"WebSite\",\"@id\":\"https:\/\/etna-cinema.net\/#website\",\"url\":\"https:\/\/etna-cinema.net\/\",\"name\":\"l&#039;Etna - cin\\u00e9ma exp\\u00e9rimental\",\"description\":\"Atelier de cin\\u00e9ma exp\\u00e9rimental | Experimental cinema workshop\",\"potentialAction\":[{\"@type\":\"SearchAction\",\"target\":{\"@type\":\"EntryPoint\",\"urlTemplate\":\"https:\/\/etna-cinema.net\/?s={search_term_string}\"},\"query-input\":\"required name=search_term_string\"}],\"inLanguage\":\"fr-FR\"},{\"@type\":\"ImageObject\",\"@id\":\"https:\/\/etna-cinema.net\/?p=1522#primaryimage\",\"inLanguage\":\"fr-FR\",\"url\":\"https:\/\/etna-cinema.net\/wp-content\/uploads\/2017\/05\/4ad0133d-48cd-4519-a6fd-da7b7b82025c.jpg\",\"contentUrl\":\"https:\/\/etna-cinema.net\/wp-content\/uploads\/2017\/05\/4ad0133d-48cd-4519-a6fd-da7b7b82025c.jpg\",\"width\":909,\"height\":491},{\"@type\":\"WebPage\",\"@id\":\"https:\/\/etna-cinema.net\/?p=1522#webpage\",\"url\":\"https:\/\/etna-cinema.net\/?p=1522\",\"name\":\"RENCONTRE AVEC CLIO SIMON - SAMEDI 13 MAI \\u00c0 20H30 - l&#039;Etna - cin\\u00e9ma exp\\u00e9rimental\",\"isPartOf\":{\"@id\":\"https:\/\/etna-cinema.net\/#website\"},\"primaryImageOfPage\":{\"@id\":\"https:\/\/etna-cinema.net\/?p=1522#primaryimage\"},\"datePublished\":\"2017-05-06T10:00:21+00:00\",\"dateModified\":\"2017-05-06T10:11:12+00:00\",\"author\":{\"@id\":\"https:\/\/etna-cinema.net\/#\/schema\/person\/b8164a9b5546aa9b478d184b64bd0775\"},\"breadcrumb\":{\"@id\":\"https:\/\/etna-cinema.net\/?p=1522#breadcrumb\"},\"inLanguage\":\"fr-FR\",\"potentialAction\":[{\"@type\":\"ReadAction\",\"target\":[\"https:\/\/etna-cinema.net\/?p=1522\"]}]},{\"@type\":\"BreadcrumbList\",\"@id\":\"https:\/\/etna-cinema.net\/?p=1522#breadcrumb\",\"itemListElement\":[{\"@type\":\"ListItem\",\"position\":1,\"name\":\"Accueil\",\"item\":\"https:\/\/etna-cinema.net\/\"},{\"@type\":\"ListItem\",\"position\":2,\"name\":\"RENCONTRE AVEC CLIO SIMON &#8211; SAMEDI 13 MAI \\u00c0 20H30\"}]},{\"@type\":\"Person\",\"@id\":\"https:\/\/etna-cinema.net\/#\/schema\/person\/b8164a9b5546aa9b478d184b64bd0775\",\"name\":\"etna etna\",\"image\":{\"@type\":\"ImageObject\",\"@id\":\"https:\/\/etna-cinema.net\/#personlogo\",\"inLanguage\":\"fr-FR\",\"url\":\"https:\/\/secure.gravatar.com\/avatar\/4acdcb9ae65c66ca41773a18d4fd855c3df9e7042219dd042bf3ec699cbf3063?s=96&d=mm&r=g\",\"contentUrl\":\"https:\/\/secure.gravatar.com\/avatar\/4acdcb9ae65c66ca41773a18d4fd855c3df9e7042219dd042bf3ec699cbf3063?s=96&d=mm&r=g\",\"caption\":\"etna etna\"},\"url\":\"https:\/\/etna-cinema.net\/?author=3\"}]}<\/script>\n<!-- \/ Yoast SEO plugin. -->","yoast_head_json":{"robots":{"index":"index","follow":"follow","max-snippet":"max-snippet:-1","max-image-preview":"max-image-preview:large","max-video-preview":"max-video-preview:-1"},"canonical":"https:\/\/etna-cinema.net\/?p=1522","og_locale":"fr_FR","og_type":"article","og_title":"RENCONTRE AVEC CLIO SIMON - SAMEDI 13 MAI \u00c0 20H30 - l&#039;Etna - cin\u00e9ma exp\u00e9rimental","og_description":"Rencontre avec Clio Simon samedi 13 mai \u00e0 20H30 DIABLE \u00c9COUTE (FR, 2015, 00:10:00) 16\/9\u00e8me \u2013 Couleur \u2013 Version originale fran\u00e7aise Production : Le Fresnoy-Studio national des arts contemporains, en collaboration avec l&#8217;Ircam, en collaboration avec le Centre Pompidou, avec le soutien du Th\u00e9\u00e2tre du Nord Dans l\u2019immensit\u00e9 des choses, un orchestre monstrueux, une voix [&hellip;]","og_url":"https:\/\/etna-cinema.net\/?p=1522","og_site_name":"l&#039;Etna - cin\u00e9ma exp\u00e9rimental","article_published_time":"2017-05-06T10:00:21+00:00","article_modified_time":"2017-05-06T10:11:12+00:00","og_image":[{"width":909,"height":491,"url":"https:\/\/etna-cinema.net\/wp-content\/uploads\/2017\/05\/4ad0133d-48cd-4519-a6fd-da7b7b82025c.jpg","path":"\/home\/cp81272\/public_html\/wp-content\/uploads\/2017\/05\/4ad0133d-48cd-4519-a6fd-da7b7b82025c.jpg","size":"full","id":1523,"alt":"","pixels":446319,"type":"image\/jpeg"}],"twitter_card":"summary_large_image","twitter_misc":{"\u00c9crit par":"etna etna","Dur\u00e9e de lecture est.":"2 minutes"},"schema":{"@context":"https:\/\/schema.org","@graph":[{"@type":"WebSite","@id":"https:\/\/etna-cinema.net\/#website","url":"https:\/\/etna-cinema.net\/","name":"l&#039;Etna - cin\u00e9ma exp\u00e9rimental","description":"Atelier de cin\u00e9ma exp\u00e9rimental | Experimental cinema workshop","potentialAction":[{"@type":"SearchAction","target":{"@type":"EntryPoint","urlTemplate":"https:\/\/etna-cinema.net\/?s={search_term_string}"},"query-input":"required name=search_term_string"}],"inLanguage":"fr-FR"},{"@type":"ImageObject","@id":"https:\/\/etna-cinema.net\/?p=1522#primaryimage","inLanguage":"fr-FR","url":"https:\/\/etna-cinema.net\/wp-content\/uploads\/2017\/05\/4ad0133d-48cd-4519-a6fd-da7b7b82025c.jpg","contentUrl":"https:\/\/etna-cinema.net\/wp-content\/uploads\/2017\/05\/4ad0133d-48cd-4519-a6fd-da7b7b82025c.jpg","width":909,"height":491},{"@type":"WebPage","@id":"https:\/\/etna-cinema.net\/?p=1522#webpage","url":"https:\/\/etna-cinema.net\/?p=1522","name":"RENCONTRE AVEC CLIO SIMON - SAMEDI 13 MAI \u00c0 20H30 - l&#039;Etna - cin\u00e9ma exp\u00e9rimental","isPartOf":{"@id":"https:\/\/etna-cinema.net\/#website"},"primaryImageOfPage":{"@id":"https:\/\/etna-cinema.net\/?p=1522#primaryimage"},"datePublished":"2017-05-06T10:00:21+00:00","dateModified":"2017-05-06T10:11:12+00:00","author":{"@id":"https:\/\/etna-cinema.net\/#\/schema\/person\/b8164a9b5546aa9b478d184b64bd0775"},"breadcrumb":{"@id":"https:\/\/etna-cinema.net\/?p=1522#breadcrumb"},"inLanguage":"fr-FR","potentialAction":[{"@type":"ReadAction","target":["https:\/\/etna-cinema.net\/?p=1522"]}]},{"@type":"BreadcrumbList","@id":"https:\/\/etna-cinema.net\/?p=1522#breadcrumb","itemListElement":[{"@type":"ListItem","position":1,"name":"Accueil","item":"https:\/\/etna-cinema.net\/"},{"@type":"ListItem","position":2,"name":"RENCONTRE AVEC CLIO SIMON &#8211; SAMEDI 13 MAI \u00c0 20H30"}]},{"@type":"Person","@id":"https:\/\/etna-cinema.net\/#\/schema\/person\/b8164a9b5546aa9b478d184b64bd0775","name":"etna etna","image":{"@type":"ImageObject","@id":"https:\/\/etna-cinema.net\/#personlogo","inLanguage":"fr-FR","url":"https:\/\/secure.gravatar.com\/avatar\/4acdcb9ae65c66ca41773a18d4fd855c3df9e7042219dd042bf3ec699cbf3063?s=96&d=mm&r=g","contentUrl":"https:\/\/secure.gravatar.com\/avatar\/4acdcb9ae65c66ca41773a18d4fd855c3df9e7042219dd042bf3ec699cbf3063?s=96&d=mm&r=g","caption":"etna etna"},"url":"https:\/\/etna-cinema.net\/?author=3"}]}},"_links":{"self":[{"href":"https:\/\/etna-cinema.net\/index.php?rest_route=\/wp\/v2\/posts\/1522","targetHints":{"allow":["GET"]}}],"collection":[{"href":"https:\/\/etna-cinema.net\/index.php?rest_route=\/wp\/v2\/posts"}],"about":[{"href":"https:\/\/etna-cinema.net\/index.php?rest_route=\/wp\/v2\/types\/post"}],"author":[{"embeddable":true,"href":"https:\/\/etna-cinema.net\/index.php?rest_route=\/wp\/v2\/users\/3"}],"replies":[{"embeddable":true,"href":"https:\/\/etna-cinema.net\/index.php?rest_route=%2Fwp%2Fv2%2Fcomments&post=1522"}],"version-history":[{"count":4,"href":"https:\/\/etna-cinema.net\/index.php?rest_route=\/wp\/v2\/posts\/1522\/revisions"}],"predecessor-version":[{"id":1528,"href":"https:\/\/etna-cinema.net\/index.php?rest_route=\/wp\/v2\/posts\/1522\/revisions\/1528"}],"wp:featuredmedia":[{"embeddable":true,"href":"https:\/\/etna-cinema.net\/index.php?rest_route=\/wp\/v2\/media\/1523"}],"wp:attachment":[{"href":"https:\/\/etna-cinema.net\/index.php?rest_route=%2Fwp%2Fv2%2Fmedia&parent=1522"}],"wp:term":[{"taxonomy":"category","embeddable":true,"href":"https:\/\/etna-cinema.net\/index.php?rest_route=%2Fwp%2Fv2%2Fcategories&post=1522"},{"taxonomy":"post_tag","embeddable":true,"href":"https:\/\/etna-cinema.net\/index.php?rest_route=%2Fwp%2Fv2%2Ftags&post=1522"}],"curies":[{"name":"wp","href":"https:\/\/api.w.org\/{rel}","templated":true}]}}